[{"@context":"https:\/\/schema.org\/","@type":"Article","@id":"https:\/\/www.spshk.cz\/v-cem-jsem-to-zil\/#Article","mainEntityOfPage":"https:\/\/www.spshk.cz\/v-cem-jsem-to-zil\/","headline":"V \u010dem jsem to \u017eil?","name":"V \u010dem jsem to \u017eil?","description":"Kdy\u017e jsem se narodil, byl n\u00e1\u0161 sv\u011bt docela jin\u00fd ne\u017e dnes. V\u00a0\u010dem\u017e se neli\u0161\u00edm od &hellip; ","datePublished":"2024-07-29","dateModified":"2024-07-29","author":{"@type":"Person","@id":"https:\/\/www.spshk.cz\/author\/#Person","name":"","url":"https:\/\/www.spshk.cz\/author\/","identifier":1,"image":{"@type":"ImageObject","@id":"https:\/\/secure.gravatar.com\/avatar\/f677d652d46d6437b40497bee38030612d53a3103b24904f519be33cae485306?s=96&d=mm&r=g","url":"https:\/\/secure.gravatar.com\/avatar\/f677d652d46d6437b40497bee38030612d53a3103b24904f519be33cae485306?s=96&d=mm&r=g","height":96,"width":96}},"publisher":{"@type":"Organization","name":"spshk.cz","logo":{"@type":"ImageObject","@id":"\/logo.png","url":"\/logo.png","width":600,"height":60}},"image":{"@type":"ImageObject","@id":"https:\/\/www.spshk.cz\/wp-content\/uploads\/%C5%BE%C5%BE%C5%BE%C5%BE_8.jpg","url":"https:\/\/www.spshk.cz\/wp-content\/uploads\/%C5%BE%C5%BE%C5%BE%C5%BE_8.jpg","height":0,"width":0},"url":"https:\/\/www.spshk.cz\/v-cem-jsem-to-zil\/","about":["Spole\u010dnost"],"wordCount":451,"articleBody":"Kdy\u017e jsem se narodil, byl n\u00e1\u0161 sv\u011bt docela jin\u00fd ne\u017e dnes. V\u00a0\u010dem\u017e se neli\u0161\u00edm od docela velk\u00e9 \u010d\u00e1sti na\u0161\u00ed spole\u010dnosti. Byl jsem tehdy vlastn\u011b od prvn\u00edch chvil \u201aadoptovan\u00fd\u2018 na\u0161\u00edm prezidentem, a by\u0165 jsem m\u011bl docela jin\u00e9ho otce, byl jsem takzvan\u00fdm Hus\u00e1kov\u00fdm d\u00edt\u011btem. Co\u017e m\u011blo sv\u00e9 v\u00fdhody, ale samoz\u0159ejm\u011b i nev\u00fdhody. Jak v\u011bd\u00ed v\u0161ichni, n\u011bkdy ze sv\u00fdch vlastn\u00edch pro\u017eitk\u016f a n\u011bkdy aspo\u0148 z\u00a0hodin d\u011bjepisu. Ony doby u\u017e d\u00e1vno pominuly, panuj\u00edc\u00ed re\u017eim se zm\u011bnil v\u00a0mnoha ohledech k\u00a0nepozn\u00e1n\u00ed a tehdej\u0161\u00ed spole\u010dnost se stala velkou m\u011brou docela jinou ne\u017e na\u0161e spole\u010dnost dne\u0161n\u00ed. A jedin\u00e9, co bylo tehdy stejn\u00e9 jako dnes, bylo to ustavi\u010dn\u00e9 nad\u00e1v\u00e1n\u00ed na\u0161inc\u016f na pom\u011bry. I kdy\u017e jsme vlastn\u011b tehdy nad\u00e1vali docela jinak ne\u017e dnes. Poj\u010fme si nyn\u00ed trochu p\u0159ipomenout, v\u00a0\u010dem se na\u0161e dne\u0161n\u00ed spole\u010dnost li\u0161\u00ed od t\u00e9 tehdej\u0161\u00ed.Tehdy, za socialismu, jsme nad\u00e1vali unisono, ov\u0161em obvykle rad\u011bji jenom ti\u0161e, v\u00a0\u00fastran\u00ed a neadresn\u011b. Proto\u017ee platilo, \u017ee ti naho\u0159e kritiku sice v\u00edtali, ale neodpou\u0161t\u011bli. Zat\u00edmco dnes m\u016f\u017eeme nad\u00e1vat klidn\u011b i nahlas. Bohu\u017eel ale \u010dasto se stejn\u00fdm v\u00fdsledkem.Tehdy jsme nad\u00e1vali na to, jak mizern\u011b se u n\u00e1s \u017eije ve srovn\u00e1n\u00ed s\u00a0kapitalistick\u00fdm z\u00e1padem. A dnes, kdy\u017e \u017eijeme ve stejn\u00e9 spole\u010dnosti jako z\u00e1pad, nad\u00e1v\u00e1me pro zm\u011bnu proto, \u017ee nem\u00e1me sv\u00e9 jist\u00e9, sv\u016fj \u201asmr\u00e1dek, ale tepl\u00ed\u010dko\u2018, co jsme m\u011bli za onoho \u010dasu.D\u0159\u00edve jsme nad\u00e1vali, \u017ee si v\u00a0polopr\u00e1zdn\u00fdch obchodech \u010dasto nekoup\u00edme to, co bychom cht\u011bli, proto\u017ee jsme m\u011bli pochybn\u00e9 pen\u00edze, ale nedostatek mo\u017enost\u00ed je za\u00a0n\u011bco kloudn\u00e9ho utratit. Dnes m\u00e1me pro zm\u011bnu pln\u00e9 obchody a nad\u00e1v\u00e1me na to, \u017ee na to nab\u00edzej\u00edc\u00ed se nem\u00e1me pen\u00edze.D\u0159\u00edve n\u00e1m vadilo, \u017ee rozhoduje strana a vl\u00e1da absolutisticky o n\u00e1s a bez n\u00e1s. Zat\u00edmco dnes nad\u00e1v\u00e1me, \u017ee o n\u00e1s podobn\u011b rozhoduj\u00ed vl\u00e1dy nejr\u016fzn\u011bj\u0161\u00edch orientac\u00ed, je\u017e si dobrovoln\u011b vol\u00edme.A zat\u00edmco tehdy cht\u011bl kdekdo p\u00e1d rovnost\u00e1\u0159sk\u00e9ho socialismu, nyn\u00ed se zd\u00e1, \u017ee je spousta lid\u00ed, kte\u0159\u00ed by ho nejrad\u011bji vr\u00e1tili zp\u011bt.A podobn\u00fdch rozd\u00edl\u016f je spousta. Ale j\u00e1 s\u00e1m za sebe jsem r\u00e1d, \u017ee je to dnes o tolik jin\u00e9 ne\u017e kdysi.                                                                                                                                                                                                                                                                                                                                                                                        4\/5 - (1 vote)        "},{"@context":"https:\/\/schema.org\/","@type":"BreadcrumbList","itemListElement":[{"@type":"ListItem","position":1,"name":"V \u010dem jsem to \u017eil?","item":"https:\/\/www.spshk.cz\/v-cem-jsem-to-zil\/#breadcrumbitem"}]}]